{"id":1015,"date":"2018-09-11T14:49:24","date_gmt":"2018-09-11T11:49:24","guid":{"rendered":"https:\/\/www.afacerist.ro\/stiri\/?p=1015"},"modified":"2018-09-11T14:52:34","modified_gmt":"2018-09-11T11:52:34","slug":"ins-inflatia-in-luna-august-5-1-fata-de-4-56-in-iulie","status":"publish","type":"post","link":"https:\/\/www.afacerist.ro\/stiri\/ins-inflatia-in-luna-august-5-1-fata-de-4-56-in-iulie\/","title":{"rendered":"INS: Inflatia in luna august 5.1%, fata de 4.56% in iulie"},"content":{"rendered":"\n<p>Datele publicate azi in pagina Institutului National de Statistica arata o inflatie in crestere care a atins in august 5.1% fata de 4.56% in iulie. Inflatia isi reia cresterea dupa ce inregistrase o scadere fata de luna iunie de la 5.4% la 4.56%.<\/p>\n\n\n\n<blockquote class=\"wp-block-quote\"><p>Pre\u0163urile de consum \u00een luna august 2018 comparativ cu luna august 2017 au crescut cu 5,1%. Rata anual\u0103 calculat\u0103 <br\/>pe baza indicelui armonizat al pre\u0163urilor de consum (IAPC) este 4,7%. <br\/>Rata medie a infla\u0163iei \u00een ultimele 12 luni (septembrie 2017 \u2013 august 2018) fa\u0163\u0103 de precedentele 12 luni (septembrie <br\/>2016 \u2013 august 2017), calculat\u0103 pe baza IPC, este 4,2%. Determinat\u0103 pe baza IAPC, rata medie este 3,5%. <\/p><cite>INS &#8211; Institutul National de Statistica<\/cite><\/blockquote>\n\n\n\n<figure class=\"wp-block-image\"><img loading=\"lazy\" decoding=\"async\" width=\"640\" height=\"412\" src=\"https:\/\/www.afacerist.ro\/stiri\/wp-content\/uploads\/2018\/09\/modificarea-anuala-a-preturilor-de-consum-septembrie-2018.jpg\" alt=\"\" class=\"wp-image-1016\" srcset=\"https:\/\/www.afacerist.ro\/stiri\/wp-content\/uploads\/2018\/09\/modificarea-anuala-a-preturilor-de-consum-septembrie-2018.jpg 640w, https:\/\/www.afacerist.ro\/stiri\/wp-content\/uploads\/2018\/09\/modificarea-anuala-a-preturilor-de-consum-septembrie-2018-300x193.jpg 300w, https:\/\/www.afacerist.ro\/stiri\/wp-content\/uploads\/2018\/09\/modificarea-anuala-a-preturilor-de-consum-septembrie-2018-600x386.jpg 600w\" sizes=\"(max-width: 640px) 100vw, 640px\" \/><\/figure>\n\n\n\n<p>Faptul care ar trebui sa ne ingrijoreze cel mai tare este pretul combustibililor care a crescut cu 5.61% in august fata de pretul inregistrat in decembrie 2017.<\/p>\n\n\n\n<p>Tot in raportul publicat de catre Institutul National de Statistica vedem si ca cele mai mari cresteri de preturi se gasesc la serviciile postale care au inregistrat o crestere de 21.54%, la transportul aerian 18.66% si la gazele naturale de 16.61%.<\/p>\n","protected":false},"excerpt":{"rendered":"<p>Datele publicate azi in pagina Institutului National de Statistica arata o inflatie in crestere care a atins in august 5.1% fata de 4.56% in iulie. Inflatia isi reia cresterea dupa ce inregistrase o scadere fata de luna iunie de la 5.4% la 4.56%. Pre\u0163urile de consum \u00een luna august 2018 comparativ cu luna august 2017 [&hellip;]<\/p>\n","protected":false},"author":2,"featured_media":1017,"comment_status":"open","ping_status":"open","sticky":false,"template":"","format":"standard","meta":{"footnotes":""},"categories":[50],"tags":[188,187],"aioseo_notices":[],"_links":{"self":[{"href":"https:\/\/www.afacerist.ro\/stiri\/wp-json\/wp\/v2\/posts\/1015"}],"collection":[{"href":"https:\/\/www.afacerist.ro\/stiri\/wp-json\/wp\/v2\/posts"}],"about":[{"href":"https:\/\/www.afacerist.ro\/stiri\/wp-json\/wp\/v2\/types\/post"}],"author":[{"embeddable":true,"href":"https:\/\/www.afacerist.ro\/stiri\/wp-json\/wp\/v2\/users\/2"}],"replies":[{"embeddable":true,"href":"https:\/\/www.afacerist.ro\/stiri\/wp-json\/wp\/v2\/comments?post=1015"}],"version-history":[{"count":2,"href":"https:\/\/www.afacerist.ro\/stiri\/wp-json\/wp\/v2\/posts\/1015\/revisions"}],"predecessor-version":[{"id":1020,"href":"https:\/\/www.afacerist.ro\/stiri\/wp-json\/wp\/v2\/posts\/1015\/revisions\/1020"}],"wp:featuredmedia":[{"embeddable":true,"href":"https:\/\/www.afacerist.ro\/stiri\/wp-json\/wp\/v2\/media\/1017"}],"wp:attachment":[{"href":"https:\/\/www.afacerist.ro\/stiri\/wp-json\/wp\/v2\/media?parent=1015"}],"wp:term":[{"taxonomy":"category","embeddable":true,"href":"https:\/\/www.afacerist.ro\/stiri\/wp-json\/wp\/v2\/categories?post=1015"},{"taxonomy":"post_tag","embeddable":true,"href":"https:\/\/www.afacerist.ro\/stiri\/wp-json\/wp\/v2\/tags?post=1015"}],"curies":[{"name":"wp","href":"https:\/\/api.w.org\/{rel}","templated":true}]}}