{"id":1450,"date":"2019-01-28T06:58:59","date_gmt":"2019-01-28T04:58:59","guid":{"rendered":"https:\/\/www.afacerist.ro\/stiri\/?p=1450"},"modified":"2019-01-28T06:59:01","modified_gmt":"2019-01-28T04:59:01","slug":"liviu-dragnea-prezinta-cifrele-care-arata-bine","status":"publish","type":"post","link":"https:\/\/www.afacerist.ro\/stiri\/liviu-dragnea-prezinta-cifrele-care-arata-bine\/","title":{"rendered":"Liviu Dragnea prezinta cifrele care &#8220;arata bine&#8221;"},"content":{"rendered":"\n<p>Intr-a doua postare pe Facebook de cand a revenit din concediu, Liviu Dragnea, presedintele Camerei Deputatilor, prezinta cifrele din cauza carora &#8220;Viitorul arata bine!&#8221;. In prima postare din acest an pe profilul de Facebook a afisat o poza in care domnia sa impreuna cu Darius Valcov, Calin Popescu Tariceanu, Eugen Teodorovici si Niculae Badalau stau in jurul unei mese pline cu dosare si hartii. Alaturi de aceasta poza era mesajul &#8220;<strong>Cu cifrele pe masa. Viitorul arata bine!&#8221;<\/strong>.<\/p>\n\n\n<div class=\"wp-block-image\">\n<figure class=\"aligncenter\"><img loading=\"lazy\" decoding=\"async\" width=\"725\" height=\"960\" src=\"https:\/\/www.afacerist.ro\/stiri\/wp-content\/uploads\/2019\/01\/masa-Liviu-Dragnea-Niculae-Badalau-Eugen-Teodorovici-Calin-Popescu-Tariceanu.jpg\" alt=\"Liviu Dragnea, Niculae Badalau, Eugen Teodorovici, Calin Popescu Tariceanu\" class=\"wp-image-1451\" srcset=\"https:\/\/www.afacerist.ro\/stiri\/wp-content\/uploads\/2019\/01\/masa-Liviu-Dragnea-Niculae-Badalau-Eugen-Teodorovici-Calin-Popescu-Tariceanu.jpg 725w, https:\/\/www.afacerist.ro\/stiri\/wp-content\/uploads\/2019\/01\/masa-Liviu-Dragnea-Niculae-Badalau-Eugen-Teodorovici-Calin-Popescu-Tariceanu-227x300.jpg 227w, https:\/\/www.afacerist.ro\/stiri\/wp-content\/uploads\/2019\/01\/masa-Liviu-Dragnea-Niculae-Badalau-Eugen-Teodorovici-Calin-Popescu-Tariceanu-600x794.jpg 600w\" sizes=\"(max-width: 725px) 100vw, 725px\" \/><figcaption>Liviu Dragnea, Niculae Badalau, Eugen Teodorovici, Calin Popescu Tariceanu<\/figcaption><\/figure><\/div>\n\n\n<p>A doua postare are atasat texul:<\/p>\n\n\n\n<blockquote class=\"wp-block-quote\"><p>Rom\u00e2nia a \u00eencheiat anul trecut cu venituri la buget de 295,1 miliarde de lei, cu 71,2 miliarde \u00een plus fa\u021b\u0103 de anul 2016, reprezent\u00e2nd o cre\u0219tere de 32%!!<br\/>PIB-ul Rom\u00e2niei a ajuns \u00een 2018 la 949,6 miliarde de lei, cu 188,2 miliarde de lei \u00een plus fa\u021b\u0103 de 2016, adic\u0103 o cre\u0219tere de 25%!!<br\/>Sunt cele mai cre\u0219teri, \u00een doi ani consecutivi, din istoria Rom\u00e2niei!\u00a0<br\/><a href=\"https:\/\/www.facebook.com\/hashtag\/indraznestesacrezi?epa=HASHTAG\">#indraznestesacrezi<\/a><\/p><cite>Liviu Dragnea, presedinte Camera Deputatilor<\/cite><\/blockquote>\n\n\n<div class=\"wp-block-image\">\n<figure class=\"aligncenter\"><img loading=\"lazy\" decoding=\"async\" width=\"960\" height=\"673\" src=\"https:\/\/www.afacerist.ro\/stiri\/wp-content\/uploads\/2019\/01\/cifrele-arata-bine-indrasneste-sa-crezi.jpg\" alt=\"cifrele arata bine indrasneste sa crezi\" class=\"wp-image-1452\" srcset=\"https:\/\/www.afacerist.ro\/stiri\/wp-content\/uploads\/2019\/01\/cifrele-arata-bine-indrasneste-sa-crezi.jpg 960w, https:\/\/www.afacerist.ro\/stiri\/wp-content\/uploads\/2019\/01\/cifrele-arata-bine-indrasneste-sa-crezi-300x210.jpg 300w, https:\/\/www.afacerist.ro\/stiri\/wp-content\/uploads\/2019\/01\/cifrele-arata-bine-indrasneste-sa-crezi-768x538.jpg 768w, https:\/\/www.afacerist.ro\/stiri\/wp-content\/uploads\/2019\/01\/cifrele-arata-bine-indrasneste-sa-crezi-600x421.jpg 600w\" sizes=\"(max-width: 960px) 100vw, 960px\" \/><figcaption>cifrele arata bine indrasneste sa crezi<\/figcaption><\/figure><\/div>\n\n\n<p>Ambele postari au devenit virale si au atras mii de comentarii din partea utilizatorilor Facebook:<\/p>\n\n\n<div class=\"wp-block-image\">\n<figure class=\"aligncenter\"><img loading=\"lazy\" decoding=\"async\" width=\"451\" height=\"629\" src=\"https:\/\/www.afacerist.ro\/stiri\/wp-content\/uploads\/2019\/01\/comentarii-postare-Liviu-Dragnea.jpg\" alt=\"\" class=\"wp-image-1453\" srcset=\"https:\/\/www.afacerist.ro\/stiri\/wp-content\/uploads\/2019\/01\/comentarii-postare-Liviu-Dragnea.jpg 451w, https:\/\/www.afacerist.ro\/stiri\/wp-content\/uploads\/2019\/01\/comentarii-postare-Liviu-Dragnea-215x300.jpg 215w\" sizes=\"(max-width: 451px) 100vw, 451px\" \/><\/figure><\/div>\n\n\n<p>Ambele postari sunt disponibile public pe contul de Facebook la presedintelui Camerei Deputatilor, Liviu Dragnea.<\/p>\n\n\n\n<iframe loading=\"lazy\" src=\"https:\/\/www.facebook.com\/plugins\/page.php?href=https%3A%2F%2Fwww.facebook.com%2Fliviudragnea.ro%2F&#038;tabs=timeline&#038;width=340&#038;height=500&#038;small_header=false&#038;adapt_container_width=true&#038;hide_cover=false&#038;show_facepile=true&#038;appId=810286855755236\" width=\"340\" height=\"500\" style=\"border:none;overflow:hidden\" scrolling=\"no\" frameborder=\"0\" allowTransparency=\"true\" allow=\"encrypted-media\"><\/iframe>\n","protected":false},"excerpt":{"rendered":"<p>Intr-a doua postare pe Facebook de cand a revenit din concediu, Liviu Dragnea, presedintele Camerei Deputatilor, prezinta cifrele din cauza carora &#8220;Viitorul arata bine!&#8221;. In prima postare din acest an pe profilul de Facebook a afisat o poza in care domnia sa impreuna cu Darius Valcov, Calin Popescu Tariceanu, Eugen Teodorovici si Niculae Badalau stau [&hellip;]<\/p>\n","protected":false},"author":2,"featured_media":1452,"comment_status":"open","ping_status":"open","sticky":false,"template":"","format":"standard","meta":{"footnotes":""},"categories":[52],"tags":[71,196,108,207],"aioseo_notices":[],"_links":{"self":[{"href":"https:\/\/www.afacerist.ro\/stiri\/wp-json\/wp\/v2\/posts\/1450"}],"collection":[{"href":"https:\/\/www.afacerist.ro\/stiri\/wp-json\/wp\/v2\/posts"}],"about":[{"href":"https:\/\/www.afacerist.ro\/stiri\/wp-json\/wp\/v2\/types\/post"}],"author":[{"embeddable":true,"href":"https:\/\/www.afacerist.ro\/stiri\/wp-json\/wp\/v2\/users\/2"}],"replies":[{"embeddable":true,"href":"https:\/\/www.afacerist.ro\/stiri\/wp-json\/wp\/v2\/comments?post=1450"}],"version-history":[{"count":4,"href":"https:\/\/www.afacerist.ro\/stiri\/wp-json\/wp\/v2\/posts\/1450\/revisions"}],"predecessor-version":[{"id":1457,"href":"https:\/\/www.afacerist.ro\/stiri\/wp-json\/wp\/v2\/posts\/1450\/revisions\/1457"}],"wp:featuredmedia":[{"embeddable":true,"href":"https:\/\/www.afacerist.ro\/stiri\/wp-json\/wp\/v2\/media\/1452"}],"wp:attachment":[{"href":"https:\/\/www.afacerist.ro\/stiri\/wp-json\/wp\/v2\/media?parent=1450"}],"wp:term":[{"taxonomy":"category","embeddable":true,"href":"https:\/\/www.afacerist.ro\/stiri\/wp-json\/wp\/v2\/categories?post=1450"},{"taxonomy":"post_tag","embeddable":true,"href":"https:\/\/www.afacerist.ro\/stiri\/wp-json\/wp\/v2\/tags?post=1450"}],"curies":[{"name":"wp","href":"https:\/\/api.w.org\/{rel}","templated":true}]}}