{"id":1579,"date":"2019-03-07T13:44:12","date_gmt":"2019-03-07T11:44:12","guid":{"rendered":"https:\/\/www.afacerist.ro\/stiri\/?p=1579"},"modified":"2019-03-07T13:44:14","modified_gmt":"2019-03-07T11:44:14","slug":"biroul-electoral-central-a-respins-cererea-de-inscriere-la-alegerile-europarlamentare-a-aliantei-2020-usr-plus","status":"publish","type":"post","link":"https:\/\/www.afacerist.ro\/stiri\/biroul-electoral-central-a-respins-cererea-de-inscriere-la-alegerile-europarlamentare-a-aliantei-2020-usr-plus\/","title":{"rendered":"Biroul Electoral Central a respins cererea de inscriere la alegerile europarlamentare a Aliantei 2020 USR PLUS"},"content":{"rendered":"\n<p>Biroul Electoral Central (BEC) a a respins cererea Aliantei 2020 USR PLUS pentru participarea la alegerile europarlamentare din 26 mai 2019.\u00a0<\/p>\n\n\n\n<blockquote class=\"wp-block-quote\"><p>Biroul Electoral Central a decis ast\u0103zi \u00een mod abuziv respingerea cererii de \u00eenscriere \u00een competi\u021bia electoral\u0103 a Alian\u021bei 2020 USR PLUS pentru alegerile europarlamentare. Pretextul BEC a fost acela c\u0103 Dan Barna \u0219i Dacian Ciolo\u0219 nu ar figura ca pre\u0219edin\u021bi ai USR, respectiv PLUS \u00een Registrul partidelor politice.<br\/>N-au contat documentele juridice pe care le-am depus. N-au contat deciziile legale ale celor dou\u0103 partide \u0219i voin\u021ba celor 14.000 de membri. Nu conteaz\u0103 nici cele 200.000 de semn\u0103turi pe care le-am str\u00e2ns. Ne-au respins cererea pentru c\u0103 lui Liviu Dragnea \u00eei este team\u0103 de Alian\u021ba 2020 USR PLUS, de \u201eF\u0103r\u0103 Penali\u201c, de \u201eOameni Noi\u201c, de tot ceea ce \u00eenseamn\u0103 aceast\u0103 Alian\u021b\u0103 \u0219i de toate speran\u021bele care sunt legate de ea.<\/p><cite>Comunicat PLUS<\/cite><\/blockquote>\n\n\n\n<iframe loading=\"lazy\" src=\"https:\/\/www.facebook.com\/plugins\/post.php?href=https%3A%2F%2Fwww.facebook.com%2FPartidulPlus%2Fposts%2F2149847751991944&#038;width=500\" width=\"500\" height=\"687\" style=\"border:none;overflow:hidden\" scrolling=\"no\" frameborder=\"0\" allowTransparency=\"true\" allow=\"encrypted-media\"><\/iframe>\n","protected":false},"excerpt":{"rendered":"<p>Biroul Electoral Central (BEC) a a respins cererea Aliantei 2020 USR PLUS pentru participarea la alegerile europarlamentare din 26 mai 2019.\u00a0 Biroul Electoral Central a decis ast\u0103zi \u00een mod abuziv respingerea cererii de \u00eenscriere \u00een competi\u021bia electoral\u0103 a Alian\u021bei 2020 USR PLUS pentru alegerile europarlamentare. Pretextul BEC a fost acela c\u0103 Dan Barna \u0219i Dacian [&hellip;]<\/p>\n","protected":false},"author":2,"featured_media":1580,"comment_status":"open","ping_status":"open","sticky":false,"template":"","format":"standard","meta":{"footnotes":""},"categories":[52],"tags":[365,363,364,256,362],"aioseo_notices":[],"_links":{"self":[{"href":"https:\/\/www.afacerist.ro\/stiri\/wp-json\/wp\/v2\/posts\/1579"}],"collection":[{"href":"https:\/\/www.afacerist.ro\/stiri\/wp-json\/wp\/v2\/posts"}],"about":[{"href":"https:\/\/www.afacerist.ro\/stiri\/wp-json\/wp\/v2\/types\/post"}],"author":[{"embeddable":true,"href":"https:\/\/www.afacerist.ro\/stiri\/wp-json\/wp\/v2\/users\/2"}],"replies":[{"embeddable":true,"href":"https:\/\/www.afacerist.ro\/stiri\/wp-json\/wp\/v2\/comments?post=1579"}],"version-history":[{"count":1,"href":"https:\/\/www.afacerist.ro\/stiri\/wp-json\/wp\/v2\/posts\/1579\/revisions"}],"predecessor-version":[{"id":1581,"href":"https:\/\/www.afacerist.ro\/stiri\/wp-json\/wp\/v2\/posts\/1579\/revisions\/1581"}],"wp:featuredmedia":[{"embeddable":true,"href":"https:\/\/www.afacerist.ro\/stiri\/wp-json\/wp\/v2\/media\/1580"}],"wp:attachment":[{"href":"https:\/\/www.afacerist.ro\/stiri\/wp-json\/wp\/v2\/media?parent=1579"}],"wp:term":[{"taxonomy":"category","embeddable":true,"href":"https:\/\/www.afacerist.ro\/stiri\/wp-json\/wp\/v2\/categories?post=1579"},{"taxonomy":"post_tag","embeddable":true,"href":"https:\/\/www.afacerist.ro\/stiri\/wp-json\/wp\/v2\/tags?post=1579"}],"curies":[{"name":"wp","href":"https:\/\/api.w.org\/{rel}","templated":true}]}}