{"id":1657,"date":"2019-05-28T08:53:50","date_gmt":"2019-05-28T05:53:50","guid":{"rendered":"https:\/\/www.afacerist.ro\/stiri\/?p=1657"},"modified":"2019-05-28T08:53:52","modified_gmt":"2019-05-28T05:53:52","slug":"arestarea-lui-liviu-dragnea-in-presa-internationala","status":"publish","type":"post","link":"https:\/\/www.afacerist.ro\/stiri\/arestarea-lui-liviu-dragnea-in-presa-internationala\/","title":{"rendered":"Arestarea lui Liviu Dragnea in presa internationala"},"content":{"rendered":"\n<p>Agentiile de presa si publicatiile internationale relateaza despre arestarea lui Liviu Dragnea, presedinte al Camerei Deputatilor, condamndat definitiv la 3 ani si jumatate de inchisoare.<\/p>\n\n\n\n<blockquote class=\"twitter-tweet\" data-lang=\"en\"><p lang=\"en\" dir=\"ltr\">Romania&#39;s most powerful politician gets jail time for corruption <a href=\"https:\/\/twitter.com\/hashtag\/LiviuDragnea?src=hash&amp;ref_src=twsrc%5Etfw\">#LiviuDragnea<\/a>, Romania&#39;s most powerful politician, sentenced to jail for corruption <a href=\"https:\/\/t.co\/PPIGBuRc4N\">https:\/\/t.co\/PPIGBuRc4N<\/a><\/p>&mdash; Alex Mache (@lexmache) <a href=\"https:\/\/twitter.com\/lexmache\/status\/1133008133830402049?ref_src=twsrc%5Etfw\">May 27, 2019<\/a><\/blockquote>\n<script async src=\"https:\/\/platform.twitter.com\/widgets.js\" charset=\"utf-8\"><\/script>\n\n\n\n\n<blockquote class=\"twitter-tweet\" data-lang=\"en\"><p lang=\"en\" dir=\"ltr\">In handling <a href=\"https:\/\/twitter.com\/hashtag\/Netanyahu?src=hash&amp;ref_src=twsrc%5Etfw\">#Netanyahu<\/a>, Israel should acquire Romanian accent. <a href=\"https:\/\/twitter.com\/hashtag\/Romania?src=hash&amp;ref_src=twsrc%5Etfw\">#Romania<\/a>\u2019s strongman, <a href=\"https:\/\/twitter.com\/hashtag\/LiviuDragnea?src=hash&amp;ref_src=twsrc%5Etfw\">#LiviuDragnea<\/a>, goes to jail. Steeped in corruption he tried desperately to stem prosecution of his <a href=\"https:\/\/twitter.com\/hashtag\/AbuseOfPower?src=hash&amp;ref_src=twsrc%5Etfw\">#AbuseOfPower<\/a>. 80% of the voters denounce his attack on the <a href=\"https:\/\/twitter.com\/hashtag\/judiciary?src=hash&amp;ref_src=twsrc%5Etfw\">#judiciary<\/a>. <a href=\"https:\/\/t.co\/hgu3opi9Oa\">https:\/\/t.co\/hgu3opi9Oa<\/a><\/p>&mdash; Yoav Karny (@YoavKarny) <a href=\"https:\/\/twitter.com\/YoavKarny\/status\/1133033263470186496?ref_src=twsrc%5Etfw\">May 27, 2019<\/a><\/blockquote>\n<script async src=\"https:\/\/platform.twitter.com\/widgets.js\" charset=\"utf-8\"><\/script>\n\n\n\n\n<blockquote class=\"twitter-tweet\" data-lang=\"en\"><p lang=\"de\" dir=\"ltr\"><a href=\"https:\/\/twitter.com\/hashtag\/Rum%C3%A4nien?src=hash&amp;ref_src=twsrc%5Etfw\">#Rum\u00e4nien<\/a>: <a href=\"https:\/\/twitter.com\/hashtag\/LiviuDragnea?src=hash&amp;ref_src=twsrc%5Etfw\">#LiviuDragnea<\/a> geht f\u00fcr dreieinhalb Jahre ins Gef\u00e4ngnis <a href=\"https:\/\/t.co\/hL7Rp061mI\">https:\/\/t.co\/hL7Rp061mI<\/a><\/p>&mdash; RP Online Politik (@rpo_politik) <a href=\"https:\/\/twitter.com\/rpo_politik\/status\/1133041738875047936?ref_src=twsrc%5Etfw\">May 27, 2019<\/a><\/blockquote>\n<script async src=\"https:\/\/platform.twitter.com\/widgets.js\" charset=\"utf-8\"><\/script>\n\n\n\n\n<blockquote class=\"twitter-tweet\" data-lang=\"en\"><p lang=\"de\" dir=\"ltr\">Staats \u2013 und Regierungschefs treffen sich morgen beim <a href=\"https:\/\/twitter.com\/hashtag\/EUGipfel?src=hash&amp;ref_src=twsrc%5Etfw\">#EUGipfel<\/a> im \ud83c\uddf7\ud83c\uddf4<a href=\"https:\/\/twitter.com\/hashtag\/Sibiu?src=hash&amp;ref_src=twsrc%5Etfw\">#Sibiu<\/a>. F\u00fcr <a href=\"https:\/\/twitter.com\/hashtag\/LiviuDragnea?src=hash&amp;ref_src=twsrc%5Etfw\">#LiviuDragnea<\/a> u. seiner Regierung  die Gelegenheit sich an <a href=\"https:\/\/twitter.com\/hashtag\/Br%C3%BCssel?src=hash&amp;ref_src=twsrc%5Etfw\">#Br\u00fcssel<\/a> u. Staatsschef zu r\u00e4chen, wie auch eine politische Botschaft zu senden&#8230;<a href=\"https:\/\/t.co\/Y8AtL6tqrN\">https:\/\/t.co\/Y8AtL6tqrN<\/a><\/p>&mdash; Traian Danciu (@TraianDanciu1) <a href=\"https:\/\/twitter.com\/TraianDanciu1\/status\/1126051918365773825?ref_src=twsrc%5Etfw\">May 8, 2019<\/a><\/blockquote>\n<script async src=\"https:\/\/platform.twitter.com\/widgets.js\" charset=\"utf-8\"><\/script>\n\n\n\n\n<blockquote class=\"twitter-tweet\" data-lang=\"en\"><p lang=\"es\" dir=\"ltr\"><a href=\"https:\/\/twitter.com\/hashtag\/LiviuDragnea?src=hash&amp;ref_src=twsrc%5Etfw\">#LiviuDragnea<\/a>, l\u00edder del gobernante Partido Social Dem\u00f3crata (PSD) de <a href=\"https:\/\/twitter.com\/hashtag\/Rumania?src=hash&amp;ref_src=twsrc%5Etfw\">#Rumania<\/a> solicit\u00f3 la impugnaci\u00f3n de la acusaci\u00f3n de fraude que enfrenta. (mn)<br> <a href=\"https:\/\/t.co\/hrvtgqLqEI\">https:\/\/t.co\/hrvtgqLqEI<\/a> <a href=\"https:\/\/t.co\/U8hN5dleo3\">pic.twitter.com\/U8hN5dleo3<\/a><\/p>&mdash; DW Espa\u00f1ol (@dw_espanol) <a href=\"https:\/\/twitter.com\/dw_espanol\/status\/1082329529899728896?ref_src=twsrc%5Etfw\">January 7, 2019<\/a><\/blockquote>\n<script async src=\"https:\/\/platform.twitter.com\/widgets.js\" charset=\"utf-8\"><\/script>\n\n\n\n\n<p>Reuters: &#8220;Curtea Suprema din Romania a sustinut luni condamnarea la 3 trei si jumatate de inchisoare a liderului Partidului Social-Democrat, Liviu Dragnea, pentru instigare la abuz de putere&#8221;.<\/p>\n\n\n\n<p>France-Presse: &#8220;Inalta Curte de Casatie si Justitie din Romania a confirmat luni condamnarea la 3 ani si jumatate de inchisoare a liderului Liviu Dragnea&#8221;.<\/p>\n\n\n\n<p>Bloomberg: &#8220;Cel mai puternic om din Romania merge la inchisoare pentru coruptie&#8221;.<\/p>\n\n\n\n<p>Die Presse: &#8220;Liderul social-democratilor romani, condamndat la inchisoare &#8230;&#8221;<\/p>\n","protected":false},"excerpt":{"rendered":"<p>Agentiile de presa si publicatiile internationale relateaza despre arestarea lui Liviu Dragnea, presedinte al Camerei Deputatilor, condamndat definitiv la 3 ani si jumatate de inchisoare. Romania&#39;s most powerful politician gets jail time for corruption #LiviuDragnea, Romania&#39;s most powerful politician, sentenced to jail for corruption https:\/\/t.co\/PPIGBuRc4N &mdash; Alex Mache (@lexmache) May 27, 2019 In handling #Netanyahu, [&hellip;]<\/p>\n","protected":false},"author":2,"featured_media":821,"comment_status":"open","ping_status":"open","sticky":false,"template":"","format":"standard","meta":{"footnotes":""},"categories":[48],"tags":[108,259],"aioseo_notices":[],"_links":{"self":[{"href":"https:\/\/www.afacerist.ro\/stiri\/wp-json\/wp\/v2\/posts\/1657"}],"collection":[{"href":"https:\/\/www.afacerist.ro\/stiri\/wp-json\/wp\/v2\/posts"}],"about":[{"href":"https:\/\/www.afacerist.ro\/stiri\/wp-json\/wp\/v2\/types\/post"}],"author":[{"embeddable":true,"href":"https:\/\/www.afacerist.ro\/stiri\/wp-json\/wp\/v2\/users\/2"}],"replies":[{"embeddable":true,"href":"https:\/\/www.afacerist.ro\/stiri\/wp-json\/wp\/v2\/comments?post=1657"}],"version-history":[{"count":1,"href":"https:\/\/www.afacerist.ro\/stiri\/wp-json\/wp\/v2\/posts\/1657\/revisions"}],"predecessor-version":[{"id":1658,"href":"https:\/\/www.afacerist.ro\/stiri\/wp-json\/wp\/v2\/posts\/1657\/revisions\/1658"}],"wp:featuredmedia":[{"embeddable":true,"href":"https:\/\/www.afacerist.ro\/stiri\/wp-json\/wp\/v2\/media\/821"}],"wp:attachment":[{"href":"https:\/\/www.afacerist.ro\/stiri\/wp-json\/wp\/v2\/media?parent=1657"}],"wp:term":[{"taxonomy":"category","embeddable":true,"href":"https:\/\/www.afacerist.ro\/stiri\/wp-json\/wp\/v2\/categories?post=1657"},{"taxonomy":"post_tag","embeddable":true,"href":"https:\/\/www.afacerist.ro\/stiri\/wp-json\/wp\/v2\/tags?post=1657"}],"curies":[{"name":"wp","href":"https:\/\/api.w.org\/{rel}","templated":true}]}}