{"id":1663,"date":"2019-06-07T05:49:00","date_gmt":"2019-06-07T02:49:00","guid":{"rendered":"https:\/\/www.afacerist.ro\/stiri\/?p=1663"},"modified":"2019-06-07T05:49:01","modified_gmt":"2019-06-07T02:49:01","slug":"premierul-viorica-dancila-si-a-deschis-cont-pe-facebook","status":"publish","type":"post","link":"https:\/\/www.afacerist.ro\/stiri\/premierul-viorica-dancila-si-a-deschis-cont-pe-facebook\/","title":{"rendered":"Premierul Viorica Dancila si-a deschis cont pe Facebook"},"content":{"rendered":"\n<p>In prima postare pe contul oficial de Facebook, premierul Viorica Dancila incepe cu un citat din Churchill: &#8220;Succesul nu e final, esecul nu e fatal: ceea ce conteaza e curajul de a continua.&#8221;.<\/p>\n\n\n\n<p>Postarea indeamna la dragoste si responsabilitate pentru Romania si ne comunica intentia viitoare a premierului, aceea de a readuce agenta publica pe &#8220;traseul normalitatii&#8221;.<\/p>\n\n\n\n<iframe loading=\"lazy\" src=\"https:\/\/www.facebook.com\/plugins\/post.php?href=https%3A%2F%2Fwww.facebook.com%2Fv.dancila%2Fposts%2F579702339204673&#038;width=500\" width=\"500\" height=\"667\" style=\"border:none;overflow:hidden\" scrolling=\"no\" frameborder=\"0\" allowTransparency=\"true\" allow=\"encrypted-media\"><\/iframe>\n\n\n\n<p>Reactiile la postare nu au intarziat sa apara. Va reproducem cateva dintre cele mai comentate si votate.<\/p>\n\n\n\n<p><strong>Andreea Manto:<\/strong>\u00a0Bun\u0103 seara. V\u0103 salut din Timi\u015foara o localitate din jude\u0163ul Gala\u0163i \u015fi vreiam s\u0103 v\u0103 rog dac\u0103 se poate \u00een locu lu ministru la nimic so pune-\u0163i pe doamna Grapini c\u0103 are competen\u0163e an toate. V\u0103 pupik.<\/p>\n\n\n\n<p><strong>Sergiu Dan<\/strong>:\u00a0Sunte\u021bi \u0219i neconflictual\u0103, \u0219i cult\u0103, doamn\u0103 Veorica, exact a\u0219a cum v\u0103 descria domnul Liviu. Nu oricine-l \u00een\u021belege pe domnul Churchill. Sper c\u0103 l-a\u021bi citit \u00een englez\u0103 \u0219i n-a\u021bi pierdut esen\u021ba.<\/p>\n\n\n\n<p><strong>Cristina Rusu<\/strong>:\u00a0S\u0103rum\u00e2na, doamna prim\u0103 ministr\u0103. Io am venit s\u0103 v\u0103 uresc s\u0103 bine a-\u021bi venit \u00een lumea noastr\u0103 virtual\u0103. V-\u0103 iubesc \u0219i v-\u0103 sus\u021biu d\u00een tot sufletul.\u00a0#d\u0103ncil\u0103pre\u0219edint\u0103<\/p>\n\n\n\n<p><strong>Anca Burca<\/strong>:\u00a0Ciurcil e fff bun, dar v\u0103 recomand \u0219i Mo\u021bart<\/p>\n\n\n\n<p><strong>Costa Daniela<\/strong>:\u00a0Doamna Dancila, bine a\u021bi venit pe Facebook! Nici nu \u00eemi vine s\u0103 cred c\u0103 nu a\u021bi avut cont p\u00e2n\u0103 acum. Este o alta Rom\u00e2nie aici, una pe care nu a\u021bi cunoscut-o p\u00e2n\u0103 acum \u0219i nu o ve\u021bi \u00een\u021belege vreodat\u0103. V\u0103 rog, ave\u021bi decen\u021ba s\u0103 demisiona\u021bi.<\/p>\n\n\n\n<p><strong>Burkart Alexander Menderheizer<\/strong>:\u00a0Vio, curaj! Desfiin\u021barea sec\u021biei de anchetare a magistra\u021bilor, \u00eenapoi to\u021bi pa\u0219ii contra justi\u021biei, remanierea lui Carmen Dan, a lui Mele\u0219canu \u0219i a\u0219a mai departe. \u0218tii tu! \u0218i apropo, vezi c\u0103 angajeaz\u0103 la Mega Image!\u00a0\ud83d\ude1c<\/p>\n\n\n\n<p><strong>Ioan Moro<\/strong>:\u00a0Sava zic io cum e duamna Veorica!<br\/>Mul\u021bi e rachiunosi si xenofopi cum se vede \u00e2n comentari ca va\u021bi dus prin tuata Ieuropa siati stiut sava \u00e2ntoarceti acasa!<br\/>Respekt!\ud83d\ude0d<\/p>\n\n\n\n<p><strong>Florica Bungau:<\/strong>\u00a0Bine a\u021bi revenit pe Facebook!!\u00a0\u2764\ufe0f<br\/>Sunt m\u00e2ndr\u0103 ca reprezenta\u021bi femeile social democrate cu multa demnitate, echilibru si patriotism! Doar o persoan\u0103 puternic\u0103 si perseverenta ar fi putut face fata presiunilor la care ati fost supus\u0103 in toat\u0103 aceast\u0103 perioad\u0103, de la preluarea guvernului!<br\/>A\u021bi dovedit ca sunte\u021bi o mana de fier intr -o m\u0103nu\u0219\u0103 de catifea si merita\u021bi toate Felicit\u0103rile noastre!!!!!<\/p>\n\n\n\n<p><strong>Cristian Zaharia<\/strong>:\u00a0Bine a\u021bi venit \u00een lumea lui Mark Zuckerberg. (statul paralel)<\/p>\n\n\n\n<p><strong>Vlad Busuioc<\/strong>:\u00a0Duamna Veorica, va rog sa mi spuneti daca a-ti termenat de colorat carticica de la Papa, a scos astia o editie noua la librarie si a\u0219i vrea sa vio fac kadou. Multumesk! Pwp<\/p>\n\n\n\n<p><strong>Lenuta Iordan<\/strong>:\u00a0NU renun\u021ba\u021bi la ce si-a dorit de DRAGNEA sa fac\u0103 pentru rom\u00e2ni , nu ne tr\u0103da\u021bi ! dl DRAGNEA nu a meritat sa fie eliminat ! Nu \u00eel dezam\u0103gi\u021bi , c\u0103 ne ve\u021bi dezam\u0103gi , pe noi !<\/p>\n\n\n\n<p><strong>Cristian Buzdug<\/strong>:\u00a0Fericit\u0103ri duamna Prim\u0103 miNistr\u0103 sinte\u021bi ce-a mai buna prim\u0103 miNistr\u0103 pe care-l a avu-to rominia din-tre tuate femeele prime ministre pe carele lea avut rominia din vremea lu iohanis. \u0218i finc\u0103 noi sustinatorii lui matale \u021binem cu matale, la viitoarele alegeri urmatoare o s\u0103 votam tot cu partidu matale PeNeL-eu.<\/p>\n\n\n\n<p><strong>Pompilia Arotaritei<\/strong>:\u00a0Sunteti o rusine pentru tara asta, dUamna Dancila. Pe mine cu siguranta nu ma reprezentati. Pentru ca eu imi doresc un prim ministru care sa se exprime corect in limba romana (cand e limba lui materna), un prim ministru care sa fie competent (cred ca va lipsesc niste cunostinte basic de economie si altele), un prim ministru care sa nu accepte postul asta fara sa inteleaga ce presupune.<\/p>\n\n\n\n<p>Mi-ar placea sa aveti demnitatea sa intelegeti si sa recunoasteti ca nu sunteti capabila de a ocupa aceasta pozitie si sa plecati, dUamna Dancila.\u00a0<\/p>\n\n\n\n<p>Cand iti spune unul ca esti beat, il trimiti la culcare. Cand iti spun doi, te duci tu sa te culci.<\/p>\n","protected":false},"excerpt":{"rendered":"<p>In prima postare pe contul oficial de Facebook, premierul Viorica Dancila incepe cu un citat din Churchill: &#8220;Succesul nu e final, esecul nu e fatal: ceea ce conteaza e curajul de a continua.&#8221;. Postarea indeamna la dragoste si responsabilitate pentru Romania si ne comunica intentia viitoare a premierului, aceea de a readuce agenta publica pe [&hellip;]<\/p>\n","protected":false},"author":2,"featured_media":1664,"comment_status":"open","ping_status":"open","sticky":false,"template":"","format":"standard","meta":{"footnotes":""},"categories":[52],"tags":[208],"aioseo_notices":[],"_links":{"self":[{"href":"https:\/\/www.afacerist.ro\/stiri\/wp-json\/wp\/v2\/posts\/1663"}],"collection":[{"href":"https:\/\/www.afacerist.ro\/stiri\/wp-json\/wp\/v2\/posts"}],"about":[{"href":"https:\/\/www.afacerist.ro\/stiri\/wp-json\/wp\/v2\/types\/post"}],"author":[{"embeddable":true,"href":"https:\/\/www.afacerist.ro\/stiri\/wp-json\/wp\/v2\/users\/2"}],"replies":[{"embeddable":true,"href":"https:\/\/www.afacerist.ro\/stiri\/wp-json\/wp\/v2\/comments?post=1663"}],"version-history":[{"count":1,"href":"https:\/\/www.afacerist.ro\/stiri\/wp-json\/wp\/v2\/posts\/1663\/revisions"}],"predecessor-version":[{"id":1665,"href":"https:\/\/www.afacerist.ro\/stiri\/wp-json\/wp\/v2\/posts\/1663\/revisions\/1665"}],"wp:featuredmedia":[{"embeddable":true,"href":"https:\/\/www.afacerist.ro\/stiri\/wp-json\/wp\/v2\/media\/1664"}],"wp:attachment":[{"href":"https:\/\/www.afacerist.ro\/stiri\/wp-json\/wp\/v2\/media?parent=1663"}],"wp:term":[{"taxonomy":"category","embeddable":true,"href":"https:\/\/www.afacerist.ro\/stiri\/wp-json\/wp\/v2\/categories?post=1663"},{"taxonomy":"post_tag","embeddable":true,"href":"https:\/\/www.afacerist.ro\/stiri\/wp-json\/wp\/v2\/tags?post=1663"}],"curies":[{"name":"wp","href":"https:\/\/api.w.org\/{rel}","templated":true}]}}