{"id":915,"date":"2018-08-29T14:07:11","date_gmt":"2018-08-29T11:07:11","guid":{"rendered":"https:\/\/www.afacerist.ro\/stiri\/?p=915"},"modified":"2018-08-29T14:07:13","modified_gmt":"2018-08-29T11:07:13","slug":"facebook-anunta-extinderea-serviciului-watch-in-toata-lumea","status":"publish","type":"post","link":"https:\/\/www.afacerist.ro\/stiri\/facebook-anunta-extinderea-serviciului-watch-in-toata-lumea\/","title":{"rendered":"Facebook anunta extinderea serviciului Watch in toata lumea"},"content":{"rendered":"\n<p>Facebook a anuntat azi ca va extinde serviciul Facebook Watch in toata lumea, la un an de la lansarea sa in SUA.<\/p>\n\n\n\n<blockquote class=\"wp-block-quote\"><p><em>Am creat acest produs pentru ca utilizatorii s\u0103 nu se mai afle \u00eentr-o logic\u0103 a consumului pasiv al spectacolelor video, ci \u015fi s\u0103 poat\u0103 participa. Sper\u0103m c\u0103 vor avea sentimentul c\u0103 au petrecut un moment de \u00eembog\u0103\u0163ire<\/em><br\/><\/p><cite>Fidji Simo, Facebook<\/cite><\/blockquote>\n\n\n\n<p>Serviciul vrea sa permita utilizatorilor sa propuna noi materiale video, dar si sa permita companiilor creatoare de continut, posibilitatea de a comercializa continut video si instrumente pentru a integra reclame in continutul video furnizat.<\/p>\n\n\n\n<p>In Romania, serviciul nu este inca disponibil la adresa https:\/\/www.facebook.com\/watch dar probabil ca va fi in viitorul apropiat. In acest moment pagina afisaza:<\/p>\n\n\n\n<figure class=\"wp-block-image\"><img loading=\"lazy\" decoding=\"async\" width=\"617\" height=\"200\" src=\"https:\/\/www.afacerist.ro\/stiri\/wp-content\/uploads\/2018\/08\/facebook-ne-pare-rau.jpg\" alt=\"\" class=\"wp-image-916\" srcset=\"https:\/\/www.afacerist.ro\/stiri\/wp-content\/uploads\/2018\/08\/facebook-ne-pare-rau.jpg 617w, https:\/\/www.afacerist.ro\/stiri\/wp-content\/uploads\/2018\/08\/facebook-ne-pare-rau-300x97.jpg 300w, https:\/\/www.afacerist.ro\/stiri\/wp-content\/uploads\/2018\/08\/facebook-ne-pare-rau-600x194.jpg 600w\" sizes=\"(max-width: 617px) 100vw, 617px\" \/><figcaption>Facebook<\/figcaption><\/figure>\n\n\n\n<p>In cache-ul Google puteti vedea pagina:<\/p>\n\n\n\n<figure class=\"wp-block-image\"><img loading=\"lazy\" decoding=\"async\" width=\"889\" height=\"696\" src=\"https:\/\/www.afacerist.ro\/stiri\/wp-content\/uploads\/2018\/08\/facebook-watch-america.jpg\" alt=\"\" class=\"wp-image-917\" srcset=\"https:\/\/www.afacerist.ro\/stiri\/wp-content\/uploads\/2018\/08\/facebook-watch-america.jpg 889w, https:\/\/www.afacerist.ro\/stiri\/wp-content\/uploads\/2018\/08\/facebook-watch-america-300x235.jpg 300w, https:\/\/www.afacerist.ro\/stiri\/wp-content\/uploads\/2018\/08\/facebook-watch-america-768x601.jpg 768w, https:\/\/www.afacerist.ro\/stiri\/wp-content\/uploads\/2018\/08\/facebook-watch-america-600x470.jpg 600w\" sizes=\"(max-width: 889px) 100vw, 889px\" \/><figcaption>Facebook Watch<\/figcaption><\/figure>\n","protected":false},"excerpt":{"rendered":"<p>Facebook a anuntat azi ca va extinde serviciul Facebook Watch in toata lumea, la un an de la lansarea sa in SUA. Am creat acest produs pentru ca utilizatorii s\u0103 nu se mai afle \u00eentr-o logic\u0103 a consumului pasiv al spectacolelor video, ci \u015fi s\u0103 poat\u0103 participa. Sper\u0103m c\u0103 vor avea sentimentul c\u0103 au petrecut [&hellip;]<\/p>\n","protected":false},"author":2,"featured_media":918,"comment_status":"open","ping_status":"open","sticky":false,"template":"","format":"standard","meta":{"footnotes":""},"categories":[102],"tags":[125],"aioseo_notices":[],"_links":{"self":[{"href":"https:\/\/www.afacerist.ro\/stiri\/wp-json\/wp\/v2\/posts\/915"}],"collection":[{"href":"https:\/\/www.afacerist.ro\/stiri\/wp-json\/wp\/v2\/posts"}],"about":[{"href":"https:\/\/www.afacerist.ro\/stiri\/wp-json\/wp\/v2\/types\/post"}],"author":[{"embeddable":true,"href":"https:\/\/www.afacerist.ro\/stiri\/wp-json\/wp\/v2\/users\/2"}],"replies":[{"embeddable":true,"href":"https:\/\/www.afacerist.ro\/stiri\/wp-json\/wp\/v2\/comments?post=915"}],"version-history":[{"count":1,"href":"https:\/\/www.afacerist.ro\/stiri\/wp-json\/wp\/v2\/posts\/915\/revisions"}],"predecessor-version":[{"id":919,"href":"https:\/\/www.afacerist.ro\/stiri\/wp-json\/wp\/v2\/posts\/915\/revisions\/919"}],"wp:featuredmedia":[{"embeddable":true,"href":"https:\/\/www.afacerist.ro\/stiri\/wp-json\/wp\/v2\/media\/918"}],"wp:attachment":[{"href":"https:\/\/www.afacerist.ro\/stiri\/wp-json\/wp\/v2\/media?parent=915"}],"wp:term":[{"taxonomy":"category","embeddable":true,"href":"https:\/\/www.afacerist.ro\/stiri\/wp-json\/wp\/v2\/categories?post=915"},{"taxonomy":"post_tag","embeddable":true,"href":"https:\/\/www.afacerist.ro\/stiri\/wp-json\/wp\/v2\/tags?post=915"}],"curies":[{"name":"wp","href":"https:\/\/api.w.org\/{rel}","templated":true}]}}